{"id":23041,"date":"2022-07-30T12:51:31","date_gmt":"2022-07-30T10:51:31","guid":{"rendered":"https:\/\/www.salvatore-esposito.com\/archives\/salvatore-su-vanity-fair-copy\/"},"modified":"2022-07-30T13:46:18","modified_gmt":"2022-07-30T11:46:18","slug":"advocat-fondazione-bocelli","status":"publish","type":"post","link":"https:\/\/www.salvatore-esposito.com\/it\/archives\/advocat-fondazione-bocelli\/","title":{"rendered":"Advocate per ABF"},"content":{"rendered":"<div class=\"wpb-content-wrapper\"><p>[vc_row][vc_column][vc_column_text]<strong>Salvatore Esposito<\/strong> da tempo a<span class=\"d2edcug0 hpfvmrgz qv66sw1b c1et5uql oi732d6d ik7dh3pa ht8s03o8 a8c37x1j fe6kdd0r mau55g9w c8b282yb keod5gw0 nxhoafnm aigsh9s9 ns63r2gh iv3no6db o3w64lxj b2s5l15y hnhda86s oo9gr5id hzawbc8m\" dir=\"auto\"><span class=\"a8c37x1j ni8dbmo4 stjgntxs l9j0dhe7 ltmttdrg g0qnabr5\"> sostegno di <a href=\"https:\/\/www.andreabocellifoundation.org\/it\/\" target=\"_blank\" rel=\"noopener\"><strong>ABF<\/strong><\/a> (<strong>Andrea Bocelli<\/strong> foundation) \u00e8 stato nominato <strong>Advocate<\/strong> della fondazione in occasione dell&#8217;evento benefico tenuto in Toscana dal <\/span><\/span>tenore <strong>Andrea Bocelli<\/strong>, presidente onorario della Fondazione ARPA che promuove la ricerca in ambito medico-sanitario<strong>.<\/strong><\/p>\n<p>L\u2019obiettivo dell\u2019evento \u00e8 quello di devolvere i proventi del \u201cCelebrity Adventures\u201d a favore del programma di intervento educativo \u201cBreak the barriers\u201d di Haiti. Il nome del progetto nasce dall\u2019idea di offrire opportunit\u00e0 di crescita per persone e comunit\u00e0 in situazioni povert\u00e0 o analfabetismo. In particolare, la Andrea Bocelli Foundation offrir\u00e0 il suo sostegno a 3mila studenti delle scuole di St. Philomene, St. Augustin, Notre Dame du Rosaire, Manitane Dame Marie e St. Raphael.<\/p>\n<p>\u00c8 previsto inoltre che una parte del ricavato dell\u2019evento sia devoluto a favore del nuovo progetto inaugurato di San Ginesio, l\u2019istituto Superiore per l\u2019 Industria e l\u2019Artigianato, che and\u00f2 distrutto per il terremoto che colp\u00ec il Centro Italia nel 2016.[\/vc_column_text][vc_empty_space height=&#8221;20px&#8221;][vc_video link=&#8221;https:\/\/vimeo.com\/734969217&#8243; el_aspect=&#8221;43&#8243;][vc_empty_space height=&#8221;30px&#8221;][vc_column_text][\/vc_column_text][\/vc_column][\/vc_row][vc_row][vc_column][vc_empty_space height=&#8221;60px&#8221;][vc_empty_space height=&#8221;30px&#8221;][\/vc_column][\/vc_row]<\/p>\n<\/div>","protected":false},"excerpt":{"rendered":"<p>[vc_row][vc_column][vc_column_text]Salvatore Esposito da tempo a sostegno di ABF (Andrea Bocelli foundation) \u00e8 stato nominato Advocate della fondazione [&hellip;]<\/p>\n","protected":false},"author":1,"featured_media":23049,"comment_status":"closed","ping_status":"closed","sticky":false,"template":"","format":"standard","meta":{"footnotes":"","_links_to":"","_links_to_target":""},"categories":[567,245],"tags":[],"class_list":["post-23041","post","type-post","status-publish","format-standard","has-post-thumbnail","hentry","category-in-evidenza","category-news"],"_links":{"self":[{"href":"https:\/\/www.salvatore-esposito.com\/it\/wp-json\/wp\/v2\/posts\/23041","targetHints":{"allow":["GET"]}}],"collection":[{"href":"https:\/\/www.salvatore-esposito.com\/it\/wp-json\/wp\/v2\/posts"}],"about":[{"href":"https:\/\/www.salvatore-esposito.com\/it\/wp-json\/wp\/v2\/types\/post"}],"author":[{"embeddable":true,"href":"https:\/\/www.salvatore-esposito.com\/it\/wp-json\/wp\/v2\/users\/1"}],"replies":[{"embeddable":true,"href":"https:\/\/www.salvatore-esposito.com\/it\/wp-json\/wp\/v2\/comments?post=23041"}],"version-history":[{"count":6,"href":"https:\/\/www.salvatore-esposito.com\/it\/wp-json\/wp\/v2\/posts\/23041\/revisions"}],"predecessor-version":[{"id":23058,"href":"https:\/\/www.salvatore-esposito.com\/it\/wp-json\/wp\/v2\/posts\/23041\/revisions\/23058"}],"wp:featuredmedia":[{"embeddable":true,"href":"https:\/\/www.salvatore-esposito.com\/it\/wp-json\/wp\/v2\/media\/23049"}],"wp:attachment":[{"href":"https:\/\/www.salvatore-esposito.com\/it\/wp-json\/wp\/v2\/media?parent=23041"}],"wp:term":[{"taxonomy":"category","embeddable":true,"href":"https:\/\/www.salvatore-esposito.com\/it\/wp-json\/wp\/v2\/categories?post=23041"},{"taxonomy":"post_tag","embeddable":true,"href":"https:\/\/www.salvatore-esposito.com\/it\/wp-json\/wp\/v2\/tags?post=23041"}],"curies":[{"name":"wp","href":"https:\/\/api.w.org\/{rel}","templated":true}]}}